{"id":1303,"date":"2019-06-06T09:47:15","date_gmt":"2019-06-06T07:47:15","guid":{"rendered":"http:\/\/www.avisnoceto.it\/public\/blog\/?p=1303"},"modified":"2019-06-06T11:21:27","modified_gmt":"2019-06-06T09:21:27","slug":"consegna-della-costituzione-ai-diciottenni","status":"publish","type":"post","link":"https:\/\/www.avisnoceto.it\/public\/blog\/2019\/06\/06\/consegna-della-costituzione-ai-diciottenni\/","title":{"rendered":"Consegna della Costituzione ai diciottenni"},"content":{"rendered":"<p>Avis Noceto era presente alla cerimonia di Consegna della nostra Costituzione ai ragazzi e alle ragazze che quest&#8217;anno compiono 18 anni, organizzata dal Comune di Noceto.<br \/>\nIl Sindaco e le Autorit\u00e0 locali hanno posto l&#8217;accento sui diritti e i doveri che sorgono con il raggiungimento della maggiore et\u00e0.<br \/>\nTra i vari diritti, c&#8217;\u00e8 anche quello di far parte di un&#8217;associazione e di fare del bene al prossimo; per esempio, se si \u00e8 in buona salute, donando il proprio sangue a chi ne ha bisogno.<\/p>\n<figure id=\"attachment_1305\" aria-describedby=\"caption-attachment-1305\" style=\"width: 225px\" class=\"wp-caption alignleft\"><a href=\"http:\/\/www.avisnoceto.it\/public\/blog\/wp-content\/uploads\/2019\/06\/sindaco-e-presidenti.jpg\"><img loading=\"lazy\" decoding=\"async\" class=\"wp-image-1305 size-medium\" src=\"http:\/\/www.avisnoceto.it\/public\/blog\/wp-content\/uploads\/2019\/06\/sindaco-e-presidenti-225x300.jpg\" alt=\"\" width=\"225\" height=\"300\" srcset=\"https:\/\/www.avisnoceto.it\/public\/blog\/wp-content\/uploads\/2019\/06\/sindaco-e-presidenti-225x300.jpg 225w, https:\/\/www.avisnoceto.it\/public\/blog\/wp-content\/uploads\/2019\/06\/sindaco-e-presidenti-768x1024.jpg 768w, https:\/\/www.avisnoceto.it\/public\/blog\/wp-content\/uploads\/2019\/06\/sindaco-e-presidenti.jpg 1200w\" sizes=\"auto, (max-width: 225px) 85vw, 225px\" \/><\/a><figcaption id=\"caption-attachment-1305\" class=\"wp-caption-text\">Il Sindaco Fabio Fecci con i Presidenti di Croce Verde e Avis, Luca Marchesi e Romano Reggiani<\/figcaption><\/figure>\n<figure id=\"attachment_1306\" aria-describedby=\"caption-attachment-1306\" style=\"width: 300px\" class=\"wp-caption alignleft\"><a href=\"http:\/\/www.avisnoceto.it\/public\/blog\/wp-content\/uploads\/2019\/06\/consegna.jpg\"><img loading=\"lazy\" decoding=\"async\" class=\"size-medium wp-image-1306\" src=\"http:\/\/www.avisnoceto.it\/public\/blog\/wp-content\/uploads\/2019\/06\/consegna-300x289.jpg\" alt=\"\" width=\"300\" height=\"289\" srcset=\"https:\/\/www.avisnoceto.it\/public\/blog\/wp-content\/uploads\/2019\/06\/consegna-300x289.jpg 300w, https:\/\/www.avisnoceto.it\/public\/blog\/wp-content\/uploads\/2019\/06\/consegna-768x740.jpg 768w, https:\/\/www.avisnoceto.it\/public\/blog\/wp-content\/uploads\/2019\/06\/consegna-1024x986.jpg 1024w, https:\/\/www.avisnoceto.it\/public\/blog\/wp-content\/uploads\/2019\/06\/consegna-1200x1156.jpg 1200w, https:\/\/www.avisnoceto.it\/public\/blog\/wp-content\/uploads\/2019\/06\/consegna.jpg 1599w\" sizes=\"auto, (max-width: 300px) 85vw, 300px\" \/><\/a><figcaption id=\"caption-attachment-1306\" class=\"wp-caption-text\">Un momento della consegna<\/figcaption><\/figure>\n<figure id=\"attachment_1304\" aria-describedby=\"caption-attachment-1304\" style=\"width: 300px\" class=\"wp-caption alignleft\"><a href=\"http:\/\/www.avisnoceto.it\/public\/blog\/wp-content\/uploads\/2019\/06\/platea.jpg\"><img loading=\"lazy\" decoding=\"async\" class=\"size-medium wp-image-1304\" src=\"http:\/\/www.avisnoceto.it\/public\/blog\/wp-content\/uploads\/2019\/06\/platea-300x152.jpg\" alt=\"\" width=\"300\" height=\"152\" srcset=\"https:\/\/www.avisnoceto.it\/public\/blog\/wp-content\/uploads\/2019\/06\/platea-300x152.jpg 300w, https:\/\/www.avisnoceto.it\/public\/blog\/wp-content\/uploads\/2019\/06\/platea-768x388.jpg 768w, https:\/\/www.avisnoceto.it\/public\/blog\/wp-content\/uploads\/2019\/06\/platea-1024x517.jpg 1024w, https:\/\/www.avisnoceto.it\/public\/blog\/wp-content\/uploads\/2019\/06\/platea-1200x606.jpg 1200w, https:\/\/www.avisnoceto.it\/public\/blog\/wp-content\/uploads\/2019\/06\/platea.jpg 1600w\" sizes=\"auto, (max-width: 300px) 85vw, 300px\" \/><\/a><figcaption id=\"caption-attachment-1304\" class=\"wp-caption-text\">La platea<\/figcaption><\/figure>\n","protected":false},"excerpt":{"rendered":"<p>Avis Noceto era presente alla cerimonia di Consegna della nostra Costituzione ai ragazzi e alle ragazze che quest&#8217;anno compiono 18 anni, organizzata dal Comune di Noceto. Il Sindaco e le Autorit\u00e0 locali hanno posto l&#8217;accento sui diritti e i doveri che sorgono con il raggiungimento della maggiore et\u00e0. Tra i vari diritti, c&#8217;\u00e8 anche quello &hellip; <a href=\"https:\/\/www.avisnoceto.it\/public\/blog\/2019\/06\/06\/consegna-della-costituzione-ai-diciottenni\/\" class=\"more-link\">Leggi tutto<span class=\"screen-reader-text\"> &#8220;Consegna della Costituzione ai diciottenni&#8221;<\/span><\/a><\/p>\n","protected":false},"author":1,"featured_media":1307,"comment_status":"closed","ping_status":"open","sticky":false,"template":"","format":"standard","meta":{"footnotes":""},"categories":[4],"tags":[20],"class_list":["post-1303","post","type-post","status-publish","format-standard","has-post-thumbnail","hentry","category-eventi","tag-costituzione"],"_links":{"self":[{"href":"https:\/\/www.avisnoceto.it\/public\/blog\/wp-json\/wp\/v2\/posts\/1303","targetHints":{"allow":["GET"]}}],"collection":[{"href":"https:\/\/www.avisnoceto.it\/public\/blog\/wp-json\/wp\/v2\/posts"}],"about":[{"href":"https:\/\/www.avisnoceto.it\/public\/blog\/wp-json\/wp\/v2\/types\/post"}],"author":[{"embeddable":true,"href":"https:\/\/www.avisnoceto.it\/public\/blog\/wp-json\/wp\/v2\/users\/1"}],"replies":[{"embeddable":true,"href":"https:\/\/www.avisnoceto.it\/public\/blog\/wp-json\/wp\/v2\/comments?post=1303"}],"version-history":[{"count":3,"href":"https:\/\/www.avisnoceto.it\/public\/blog\/wp-json\/wp\/v2\/posts\/1303\/revisions"}],"predecessor-version":[{"id":1312,"href":"https:\/\/www.avisnoceto.it\/public\/blog\/wp-json\/wp\/v2\/posts\/1303\/revisions\/1312"}],"wp:featuredmedia":[{"embeddable":true,"href":"https:\/\/www.avisnoceto.it\/public\/blog\/wp-json\/wp\/v2\/media\/1307"}],"wp:attachment":[{"href":"https:\/\/www.avisnoceto.it\/public\/blog\/wp-json\/wp\/v2\/media?parent=1303"}],"wp:term":[{"taxonomy":"category","embeddable":true,"href":"https:\/\/www.avisnoceto.it\/public\/blog\/wp-json\/wp\/v2\/categories?post=1303"},{"taxonomy":"post_tag","embeddable":true,"href":"https:\/\/www.avisnoceto.it\/public\/blog\/wp-json\/wp\/v2\/tags?post=1303"}],"curies":[{"name":"wp","href":"https:\/\/api.w.org\/{rel}","templated":true}]}}